{"component": "clause", "props": {"groups": [{"samples": [{"hash": "lsQME0DBQWU", "uri": "/pt/contracts/lsQME0DBQWU#objetivos-do-projeto", "label": "Chamada P\u00fablica De Projetos", "score": 35.3147905068, "published": true}, {"hash": "hN1DjpWqz1Z", "uri": "/pt/contracts/hN1DjpWqz1Z#objetivos-do-projeto", "label": "Chamada P\u00fablica De Projetos", "score": 27.1396303901, "published": true}, {"hash": "9UDtSCJMZA", "uri": "/pt/contracts/9UDtSCJMZA#objetivos-do-projeto", "label": "Chamada P\u00fablica De Projetos", "score": 27.1040383299, "published": true}], "size": 3, "snippet": "Descrever os principais objetivos do projeto, apresentando-os de forma detalhada, indicando as quantidades e as a\u00e7\u00f5es a serem realizadas vinculadas \u00e0 efici\u00eancia energ\u00e9tica.", "snippet_links": [{"key": "efici\u00eancia-energ\u00e9tica", "type": "clause", "offset": [150, 171]}], "hash": "435598144c31d84dcbbf926a928c0664", "id": 1}, {"samples": [{"hash": "a6EGVPRAELq", "uri": "/pt/contracts/a6EGVPRAELq#objetivos-do-projeto", "label": "Service Agreement", "score": 23.5831622177, "published": true}, {"hash": "80s3GjuNIYJ", "uri": "/pt/contracts/80s3GjuNIYJ#objetivos-do-projeto", "label": "Consulting Agreement", "score": 23.1587953457, "published": true}], "size": 2, "snippet": "A LEAFARMA GEST\u00c3O E CONSULTORIA EM FARM\u00c1CIAS, pessoa jur\u00eddica de direito privado sob CNPJ n\u00ba 27.533.169/0001-63, aqui tratada como CONTRATADO, por meio desse tem como objetivos:", "snippet_links": [{"key": "pessoa-jur\u00eddica", "type": "clause", "offset": [46, 61]}, {"key": "direito-privado", "type": "clause", "offset": [65, 80]}], "hash": "cad2f434a72a87b83896debaa3324030", "id": 2}, {"samples": [{"hash": "fziFSOVFjuJ", "uri": "/pt/contracts/fziFSOVFjuJ#objetivos-do-projeto", "label": "Licita\u00e7\u00e3o", "score": 27.3983572895, "published": true}], "size": 2, "snippet": "O parque atual de Ilumina\u00e7\u00e3o P\u00fablica (IP) do Munic\u00edpio de Pedras de Fogo \u00e9 composto por 7.037 pontos de ilumina\u00e7\u00e3o p\u00fablica de diversas tecnologias. A tabela a) abaixo resume essa situa\u00e7\u00e3o: A Prefeitura de Pedras de Fogo deseja substituir o parque de Ilumina\u00e7\u00e3o P\u00fablica \u201cna\u0303o-LED\u201d atual, por lumin\u00e1rias com tecnologia LED de alta efici\u00eancia. Al\u00e9m disso, busca: - Incluir 40 novos pontos de ilumina\u00e7\u00e3o p\u00fablica para atender a demanda reprimida de ilumina\u00e7\u00e3o do Munic\u00edpio, - incluir 25 lumin\u00e1rias decorativas para parques e pra\u00e7as da cidade, - implementar 30 refletores para quadras, \u00e1reas de lazer e pontos de destaque do Munic\u00edpio, - instalar 16 refletores RGB para ilumina\u00e7\u00e3o c\u00e9nica de monumentos e outros logradouros de destaque do Munic\u00edpio. Com este projeto o Munic\u00edpio pretende alcan\u00e7ar os seguintes objetivos: - Aumentar r\u00e1pida e fortemente o n\u00edvel geral de lumin\u00e2ncia no Munic\u00edpio, para proporcionar maior seguran\u00e7a \u00e0 popula\u00e7\u00e3o e ao tr\u00e1fego de ve\u00edculos; - Reduzir os custos de manuten\u00e7\u00e3o da Ilumina\u00e7\u00e3o P\u00fablica com equipamentos de maior vida \u00fatil, que ir\u00e3o requerer menos interven\u00e7\u00f5es nas vias p\u00fablicas; - Reduzir o consumo energ\u00e9tico da Ilumina\u00e7\u00e3o P\u00fablica do Munic\u00edpio, obtendo substanciais economias a longo prazo, a fim de demonstrar uma gest\u00e3o respons\u00e1vel de recursos p\u00fablicos e de recursos naturais; - Preservar o meio ambiente, ao eliminar do parque de IP l\u00e2mpadas defasadas tecnologicamente e potencialmente toxicas, a exemplo das que utilizam Vapor de Merc\u00fario, e implantar lumin\u00e1rias LED com temperaturas de cor inferiores a 4000 K, que n\u00e3o perturbam o ritmo circadiano (ciclo biol\u00f3gico natural) dos seres vivos; - Universalizar o servi\u00e7o de ilumina\u00e7\u00e3o p\u00fablica de qualidade LED a todos os mun\u00edcipes, cumprindo as normas nacionais e internacionais vigentes; - Valorizar o patrim\u00f3nio hist\u00f3rico e eco-tur\u00edstico do Munic\u00edpio, destacando monumentos, \u00e1reas de lazer e espa\u00e7os naturais com ilumina\u00e7\u00e3o apropriada; Atendendo esses objetivos citados acima, o parque de IP resultante seria o seguinte: Para realizar este projeto o Munic\u00edpio poder\u00e1 dispor dos recursos da Contribui\u00e7\u00e3o de Custeio da Ilumina\u00e7\u00e3o P\u00fablica \u2013 CIP, eventualmente complementados por outras fontes de receitas da Prefeitura. Com a economia de energia gerada, o quadro de uso da CIP mensal resultante seria: A Tabela c) mostra que, com a eficientiza\u00e7\u00e3o do parque, resultaria um saldo no Munic\u00edpio de Pedras de Fogo, que pode ser utilizado para custear a expans\u00e3o, a moderniza\u00e7\u00e3o e a manuten\u00e7\u00e3o do parque de IP, da ordem de R$ 76 mil mensais. Por\u00e9m para obter essa economia de consumo \u00e9 necess\u00e1rio realizar a substitui\u00e7\u00e3o do parque atual. Esse investimento n\u00e3o \u00e9 poss\u00edvel com o saldo mensal atual de R$ 76.000, do qual s\u00e3o deduzidos ainda os custos mensais de manuten\u00e7\u00e3o, da ordem de R$ 19.000 em m\u00e9dia. Portanto, analisamos alternativas para usar esses recursos da forma mais otimizada para o Munic\u00edpio, diluindo o pagamento do investimento dentro de um prazo mais longo.", "snippet_links": [{"key": "do-munic\u00edpio", "type": "clause", "offset": [42, 54]}, {"key": "pontos-de-ilumina\u00e7\u00e3o-p\u00fablica", "type": "definition", "offset": [94, 122]}, {"key": "tabela-a", "type": "definition", "offset": [150, 158]}, {"key": "demanda-reprimida", "type": "definition", "offset": [423, 440]}, {"key": "custos-de-manuten\u00e7\u00e3o", "type": "clause", "offset": [972, 992]}, {"key": "vida-\u00fatil", "type": "definition", "offset": [1041, 1050]}, {"key": "consumo-energ\u00e9tico", "type": "clause", "offset": [1120, 1138]}, {"key": "meio-ambiente", "type": "definition", "offset": [1323, 1336]}, {"key": "lumin\u00e1rias-led", "type": "clause", "offset": [1486, 1500]}, {"key": "servi\u00e7o-de", "type": "clause", "offset": [1644, 1654]}, {"key": "normas-nacionais", "type": "clause", "offset": [1726, 1742]}, {"key": "dos-recursos", "type": "clause", "offset": [2057, 2069]}, {"key": "da-contribui\u00e7\u00e3o", "type": "clause", "offset": [2070, 2085]}, {"key": "fontes-de-receitas", "type": "definition", "offset": [2166, 2184]}, {"key": "da-prefeitura", "type": "clause", "offset": [2185, 2198]}, {"key": "economia-de-energia", "type": "definition", "offset": [2206, 2225]}, {"key": "saldo-mensal", "type": "definition", "offset": [2651, 2663]}, {"key": "da-forma", "type": "clause", "offset": [2836, 2844]}, {"key": "o-pagamento", "type": "clause", "offset": [2887, 2898]}, {"key": "do-investimento", "type": "clause", "offset": [2899, 2914]}], "hash": "e53e55c4e85041e8f96d71b87e1910df", "id": 3}, {"samples": [{"hash": "f4IJk81ANzL", "uri": "/pt/contracts/f4IJk81ANzL#objetivos-do-projeto", "label": "Consultancy Agreement", "score": 24.1226304435, "published": true}], "size": 1, "snippet": "O objetivo do projeto a ser coordenado pelo Instituto Ethos em parceria com o Instituto \u2587\u2587\u2587\u2587\u2587\u2587\u2587\u2587\u2587 \u2587\u2587\u2587\u2587\u2587\u2587\u2587 \u00e9 de estimular o di\u00e1logo sobre cidades inteligentes e a mobilidade urbana. Ou seja, como a mobilidade urbana pode estimular melhorias na sa\u00fade e bem-estar das popula\u00e7\u00f5es, como sistemas de mobilidade urbana podem estimular pr\u00e1ticas mais sustent\u00e1veis, atrav\u00e9s do uso mais eficiente dos modais de transportes e da otimiza\u00e7\u00e3o do uso do espa\u00e7o p\u00fablico. O projeto apresenta tr\u00eas objetivos espec\u00edficos:", "snippet_links": [{"key": "objetivo-do-projeto", "type": "clause", "offset": [2, 21]}, {"key": "cidades-inteligentes", "type": "clause", "offset": [137, 157]}, {"key": "mobilidade-urbana", "type": "definition", "offset": [162, 179]}, {"key": "do-uso", "type": "clause", "offset": [364, 370]}, {"key": "espa\u00e7o-p\u00fablico", "type": "definition", "offset": [438, 452]}, {"key": "objetivos-espec\u00edficos", "type": "definition", "offset": [479, 500]}], "hash": "c631c766d038d924582c3e70e9fcbabb", "id": 4}, {"samples": [{"hash": "a7DfBa7u5Op", "uri": "/pt/contracts/a7DfBa7u5Op#objetivos-do-projeto", "label": "Contrato De Concess\u00e3o Administrativa", "score": 34.0189202112, "published": true}], "size": 1, "snippet": "ESTADO DE SANTA CATARINA", "snippet_links": [{"key": "estado-de-santa-catarina", "type": "clause", "offset": [0, 24]}], "hash": "816510534c4e59b008aa88ce5f8da3a5", "id": 5}, {"samples": [{"hash": "bP0KfAnXyzi", "uri": "/pt/contracts/bP0KfAnXyzi#objetivos-do-projeto", "label": "Service Agreement", "score": 28.356397286, "published": true}], "size": 1, "snippet": "Os principais objetivos deste projeto \u00e9 dotar o Estado do Tocantins de imagens de sat\u00e9lites de alta resolu\u00e7\u00e3o atualizadas para as a\u00e7\u00f5es de Cadastro Ambiental Rural \u2013 CAR, aperfei\u00e7oar o sistema de monitoramento e controle do desmatamento, subsidiar a implanta\u00e7\u00e3o do programa de descentraliza\u00e7\u00e3o da gest\u00e3o ambiental estadual nos munic\u00edpios integrantes do bioma Amaz\u00f4nia e Cerrado.", "snippet_links": [{"key": "monitoramento-e-controle", "type": "clause", "offset": [196, 220]}, {"key": "do-programa", "type": "clause", "offset": [262, 273]}, {"key": "gest\u00e3o-ambiental", "type": "clause", "offset": [297, 313]}], "hash": "8c594368010d7949e94e9e9a51caa34e", "id": 6}, {"samples": [{"hash": "2Yal29xkFrD", "uri": "/pt/contracts/2Yal29xkFrD#objetivos-do-projeto", "label": "Contrata\u00e7\u00e3o De Servi\u00e7os T\u00e9cnicos Especializados", "score": 26.2531632541, "published": true}], "size": 1, "snippet": "O principal objetivo do Projeto \u00e9 promover o desenvolvimento rural sustent\u00e1vel e a competitividade da agricultura familiar no Estado de S\u00e3o Paulo, aumentando a renda e as oportunidades de trabalho para pequenos produtores e outras popula\u00e7\u00f5es rurais vulner\u00e1veis e, ao mesmo tempo, viabilizar e apoiar o manejo sustent\u00e1vel dos recursos naturais e a inclus\u00e3o social, mais especificamente buscando:\ni. aumento da produtividade e melhoria da qualidade dos produtos atrav\u00e9s da ado\u00e7\u00e3o de melhores pr\u00e1ticas de produ\u00e7\u00e3o;\nii. participa\u00e7\u00e3o mais ativa nas cadeias produtivas nas quais h\u00e1 vantagem comparativa, em fun\u00e7\u00e3o do fortalecimento das parcerias no processamento, comercializa\u00e7\u00e3o e opera\u00e7\u00f5es de mercado;\niii. fortalecimento da capacidade organizacional e gerencial das organiza\u00e7\u00f5es de produtores rurais, bem como promo\u00e7\u00e3o da cria\u00e7\u00e3o de novas associa\u00e7\u00f5es ou cooperativas; e\niv. utiliza\u00e7\u00e3o de melhores pr\u00e1ticas de manejo do solo e da \u00e1gua e sistemas de produ\u00e7\u00e3o mais competitivos e sustent\u00e1veis.", "snippet_links": [{"key": "objetivo-do-projeto", "type": "clause", "offset": [12, 31]}, {"key": "estado-de-s\u00e3o-paulo", "type": "clause", "offset": [126, 145]}, {"key": "de-trabalho", "type": "definition", "offset": [185, 196]}, {"key": "dos-recursos", "type": "clause", "offset": [321, 333]}, {"key": "da-produtividade", "type": "clause", "offset": [406, 422]}, {"key": "da-qualidade-dos-produtos", "type": "clause", "offset": [434, 459]}, {"key": "melhores-pr\u00e1ticas", "type": "clause", "offset": [481, 498]}, {"key": "produtores-rurais", "type": "definition", "offset": [779, 796]}], "hash": "7ab618fc66a170983df35aa14b4d3d61", "id": 7}, {"samples": [{"hash": "8n69A7TU1bR", "uri": "/pt/contracts/8n69A7TU1bR#objetivos-do-projeto", "label": "Contract for Services", "score": 29.5350874713, "published": true}], "size": 1, "snippet": "\u25cf Desenvolver a forma\u00e7\u00e3o-interven\u00e7\u00e3o apresentando e apoiando o desenvolvimento da metodologia de dimensionamento da for\u00e7a de trabalho em seis (6) maternidades do estado de Pernambuco, para os trabalhadores dos respectivos hospitais e Secretaria Estadual de Sa\u00fade; \u25cf Construir indicadores e par\u00e2metros de dimensionamento de for\u00e7a de trabalho para o atendimento obst\u00e9trico e neonatal em servi\u00e7os hospitalares de maior porte (mais que 1000 partos/ano); \u25cf Realizar em conjunto com os trabalhadores da Secretaria Estadual e das maternidades, atrav\u00e9s dos ambientes virtuais de aprendizagem e tecnologias de informa\u00e7\u00e3o e comunica\u00e7\u00e3o, forma\u00e7\u00e3o-interven\u00e7\u00e3o cuja proposta \u00e9 analisar o escopo dos servi\u00e7os, das pr\u00e1ticas dos profissionais, descrever a for\u00e7a de trabalho existente e planejar e dimensionar a for\u00e7a de trabalho das seis (6) maternidades; \u25cf Produzir an\u00e1lise comparada da for\u00e7a de trabalho existente e da aten\u00e7\u00e3o prestada nas seis (6) maternidades; \u25cf Avaliar o processo formativo, a metodologia e as ferramentas utilizadas; \u25cf Produzir conte\u00fado, materiais did\u00e1ticos, ferramentas e ambientes virtuais da forma\u00e7\u00e3o-interven\u00e7\u00e3o;", "snippet_links": [{"key": "da-metodologia", "type": "clause", "offset": [79, 93]}, {"key": "de-trabalho", "type": "definition", "offset": [122, 133]}, {"key": "do-estado", "type": "clause", "offset": [159, 168]}, {"key": "atendimento-obst\u00e9trico", "type": "definition", "offset": [348, 370]}, {"key": "da-secretaria", "type": "clause", "offset": [494, 507]}, {"key": "escopo-dos-servi\u00e7os", "type": "definition", "offset": [675, 694]}, {"key": "dos-profissionais", "type": "clause", "offset": [709, 726]}], "hash": "eee1d2ab9274b899a7333526173324b3", "id": 8}, {"samples": [{"hash": "dIyahF6vVsX", "uri": "/pt/contracts/dIyahF6vVsX#objetivos-do-projeto", "label": "Concession Agreement", "score": 34.1941117363, "published": true}], "size": 1, "snippet": "As linhas municipais foram reestruturadas, com base em pesquisa Origem- Destino, a fim de permitir que as mesmas atendam a todos os deslocamentos dos bairros ao centro da cidade de Sarandi com intervalos regulares, frota e tempo de viagens confort\u00e1veis aos interesses dos usu\u00e1rios atuais e do potencial de usu\u00e1rio existentes do Munic\u00edpio. Esta reestrutura\u00e7\u00e3o dever\u00e1 ter como base as diretrizes abaixo apontadas:\na) Aumentar a oferta;", "snippet_links": [{"key": "dos-usu\u00e1rios", "type": "clause", "offset": [268, 280]}, {"key": "do-munic\u00edpio", "type": "clause", "offset": [325, 337]}, {"key": "a-oferta", "type": "clause", "offset": [424, 432]}], "hash": "02b83784d48edb087c19c75569d2a951", "id": 9}, {"samples": [{"hash": "gqVau66XdSA", "uri": "/pt/contracts/gqVau66XdSA#objetivos-do-projeto", "label": "Research and Development", "score": 34.1207783112, "published": true}], "size": 1, "snippet": "2.2. PALAVRAS-CHAVE", "snippet_links": [], "hash": "65fda38e26747cba118fa21542d8e9bc", "id": 10}], "next_curs": "Cl0SV2oVc35sYXdpbnNpZGVyY29udHJhY3RzcjkLEhZDbGF1c2VTbmlwcGV0R3JvdXBfdjU2Ih1vYmpldGl2b3MtZG8tcHJvamV0byMwMDAwMDAwYQyiAQJwdBgAIAA=", "clause": {"size": 23, "parents": [["cronograma", "Cronograma"], ["recursos-e-contesta\u00e7\u00f5es", "Recursos e Contesta\u00e7\u00f5es"], ["esclarecimentos-e-informa\u00e7\u00f5es-adicionais", "Esclarecimentos e Informa\u00e7\u00f5es Adicionais"], ["demais-materiais-de-ilumina\u00e7\u00e3o", "DEMAIS MATERIAIS DE ILUMINA\u00c7\u00c3O"], ["disposi\u00e7\u00f5es-gerais", "DISPOSI\u00c7\u00d5ES GERAIS"]], "title": "OBJETIVOS DO PROJETO", "children": [["objetivo-geral", "Objetivo Geral"], ["objetivos-espec\u00edficos", "Objetivos Espec\u00edficos"], ["das-vagas", "DAS VAGAS"], ["implanta\u00e7\u00e3o-das-usinas-solares-fotovoltaicas", "Implanta\u00e7\u00e3o das Usinas Solares Fotovoltaicas"], ["sistema-de-telegest\u00e3o", "Sistema de Telegest\u00e3o"]], "id": "objetivos-do-projeto", "related": [["entrega-e-crit\u00e9rios-de-aceita\u00e7\u00e3o-do-objeto", "ENTREGA E CRIT\u00c9RIOS DE ACEITA\u00c7\u00c3O DO OBJETO", "ENTREGA E CRIT\u00c9RIOS DE ACEITA\u00c7\u00c3O DO OBJETO"], ["objetivo-do-seguro", "OBJETIVO DO SEGURO", "OBJETIVO DO SEGURO"], ["objetivo-da-cobertura", "OBJETIVO DA COBERTURA", "OBJETIVO DA COBERTURA"], ["da-garantia-do-objeto", "DA GARANTIA DO OBJETO", "DA GARANTIA DO OBJETO"], ["vig\u00eancia-entrega-e-crit\u00e9rios-de-aceita\u00e7\u00e3o-do-objeto", "VIG\u00caNCIA, ENTREGA E CRIT\u00c9RIOS DE ACEITA\u00c7\u00c3O DO OBJETO", "VIG\u00caNCIA, ENTREGA E CRIT\u00c9RIOS DE ACEITA\u00c7\u00c3O DO OBJETO"]], "related_snippets": [], "updated": "2025-07-07T12:37:53+00:00"}, "json": true, "cursor": ""}}